{"id":3431,"date":"2017-11-22T19:02:23","date_gmt":"2017-11-22T18:02:23","guid":{"rendered":"http:\/\/www.nmsneukirchen.at\/wordpress\/?p=3431"},"modified":"2017-11-22T19:02:23","modified_gmt":"2017-11-22T18:02:23","slug":"wien-2017-2","status":"publish","type":"post","link":"https:\/\/www.nmsneukirchen.at\/wordpress\/wien-2017-2\/","title":{"rendered":"Wien 2017"},"content":{"rendered":"<h4>Wienwoche<\/h4>\n<p>In der Woche vom 5.11. \u2013 10.11.2017 durften wir, die 4. Klassen, die Luft der gro\u00dfen weiten Welt schnuppern. Die Woche war voller interessanter Programmpunkte.<\/p>\n<p>Time Travel brachte uns die Geschichte Wiens in einer 5D Animation nahe.<\/p>\n<p>Madame Tussauds machte uns mit vielen Pers\u00f6nlichkeiten bekannt.\u00a0<!--more--><\/p>\n<p>In den Museen (Naturhistorisches und Technisches Museum) und im Haus der Musik staunten wir \u00fcber die Vielfalt unseres Planeten.<\/p>\n<p>Sch\u00f6nbrunn, Stephansdom und Karlskirche beeindruckten uns durch ihre Gr\u00f6\u00dfe und ihre monumentale Bauweise. Im Parlament schl\u00fcpften wir in die Rolle von Parlamentariern und lieferten uns hitzige Debatten.<\/p>\n<p>Ein High light dieser Woche war neben dem Prater sicherlich der Besuch im Raimundtheater, in dem wir uns das Musical \u201eI am from Austria\u201c anschauen konnten.<\/p>\n<p>Die Schauspieler, an vorderster Front Dolores Schmiedinger, begeisterten die Zuschauer und ernteten zu Recht Standing\u00a0 Ovations.<\/p>\n<p>Ja! \u201eWien ist anders\u201c zumindest anders als unser Leben am Land!<\/p>\n\t\r\n    <div class=\"gal-container\" id=\"slgf_3391\">\r\n\t\t            <!--get the post id-->\r\n\t\t\t\r\n            <!--Gallery Title-->\r\n\t\t\t\r\n            <div class=\"gallery1 lightgallery_3391\">\r\n\t\t\t\t\nWarning: Invalid argument supplied for foreach() in \/home\/.sites\/87\/site1345\/web\/wordpress\/wp-content\/plugins\/simple-lightbox-gallery\/simple-lightbox-slider-shortcode.php on line 225\n            <\/div>\r\n\t\t    <\/div>\r\n\r\n    <!-- Swipe Box-->\r\n    \n<div class=\"pvc_clear\"><\/div>\n<p id=\"pvc_stats_3431\" class=\"pvc_stats all  \" data-element-id=\"3431\" style=\"\"><i class=\"pvc-stats-icon medium\" aria-hidden=\"true\"><svg aria-hidden=\"true\" focusable=\"false\" data-prefix=\"far\" data-icon=\"chart-bar\" role=\"img\" xmlns=\"http:\/\/www.w3.org\/2000\/svg\" viewBox=\"0 0 512 512\" class=\"svg-inline--fa fa-chart-bar fa-w-16 fa-2x\"><path fill=\"currentColor\" d=\"M396.8 352h22.4c6.4 0 12.8-6.4 12.8-12.8V108.8c0-6.4-6.4-12.8-12.8-12.8h-22.4c-6.4 0-12.8 6.4-12.8 12.8v230.4c0 6.4 6.4 12.8 12.8 12.8zm-192 0h22.4c6.4 0 12.8-6.4 12.8-12.8V140.8c0-6.4-6.4-12.8-12.8-12.8h-22.4c-6.4 0-12.8 6.4-12.8 12.8v198.4c0 6.4 6.4 12.8 12.8 12.8zm96 0h22.4c6.4 0 12.8-6.4 12.8-12.8V204.8c0-6.4-6.4-12.8-12.8-12.8h-22.4c-6.4 0-12.8 6.4-12.8 12.8v134.4c0 6.4 6.4 12.8 12.8 12.8zM496 400H48V80c0-8.84-7.16-16-16-16H16C7.16 64 0 71.16 0 80v336c0 17.67 14.33 32 32 32h464c8.84 0 16-7.16 16-16v-16c0-8.84-7.16-16-16-16zm-387.2-48h22.4c6.4 0 12.8-6.4 12.8-12.8v-70.4c0-6.4-6.4-12.8-12.8-12.8h-22.4c-6.4 0-12.8 6.4-12.8 12.8v70.4c0 6.4 6.4 12.8 12.8 12.8z\" class=\"\"><\/path><\/svg><\/i> <img loading=\"lazy\" decoding=\"async\" width=\"16\" height=\"16\" alt=\"Loading\" src=\"https:\/\/www.nmsneukirchen.at\/wordpress\/wp-content\/plugins\/page-views-count\/ajax-loader-2x.gif\" border=0 \/><\/p>\n<div class=\"pvc_clear\"><\/div>\n","protected":false},"excerpt":{"rendered":"<p>Wienwoche In der Woche vom 5.11. \u2013 10.11.2017 durften wir, die 4. Klassen, die Luft der gro\u00dfen weiten Welt schnuppern. Die Woche war voller interessanter Programmpunkte. Time Travel brachte uns die Geschichte Wiens in einer 5D Animation nahe. Madame Tussauds machte uns mit vielen Pers\u00f6nlichkeiten bekannt.\u00a0<\/p>\n","protected":false},"author":1,"featured_media":3397,"comment_status":"open","ping_status":"open","sticky":false,"template":"","format":"standard","meta":{"footnotes":""},"categories":[67],"tags":[182,68],"class_list":["post-3431","post","type-post","status-publish","format-standard","has-post-thumbnail","hentry","category-projektwoche","tag-projektwoche","tag-wien"],"_links":{"self":[{"href":"https:\/\/www.nmsneukirchen.at\/wordpress\/wp-json\/wp\/v2\/posts\/3431","targetHints":{"allow":["GET"]}}],"collection":[{"href":"https:\/\/www.nmsneukirchen.at\/wordpress\/wp-json\/wp\/v2\/posts"}],"about":[{"href":"https:\/\/www.nmsneukirchen.at\/wordpress\/wp-json\/wp\/v2\/types\/post"}],"author":[{"embeddable":true,"href":"https:\/\/www.nmsneukirchen.at\/wordpress\/wp-json\/wp\/v2\/users\/1"}],"replies":[{"embeddable":true,"href":"https:\/\/www.nmsneukirchen.at\/wordpress\/wp-json\/wp\/v2\/comments?post=3431"}],"version-history":[{"count":1,"href":"https:\/\/www.nmsneukirchen.at\/wordpress\/wp-json\/wp\/v2\/posts\/3431\/revisions"}],"predecessor-version":[{"id":3432,"href":"https:\/\/www.nmsneukirchen.at\/wordpress\/wp-json\/wp\/v2\/posts\/3431\/revisions\/3432"}],"wp:featuredmedia":[{"embeddable":true,"href":"https:\/\/www.nmsneukirchen.at\/wordpress\/wp-json\/wp\/v2\/media\/3397"}],"wp:attachment":[{"href":"https:\/\/www.nmsneukirchen.at\/wordpress\/wp-json\/wp\/v2\/media?parent=3431"}],"wp:term":[{"taxonomy":"category","embeddable":true,"href":"https:\/\/www.nmsneukirchen.at\/wordpress\/wp-json\/wp\/v2\/categories?post=3431"},{"taxonomy":"post_tag","embeddable":true,"href":"https:\/\/www.nmsneukirchen.at\/wordpress\/wp-json\/wp\/v2\/tags?post=3431"}],"curies":[{"name":"wp","href":"https:\/\/api.w.org\/{rel}","templated":true}]}}